{"id":16722,"date":"2024-08-16T22:34:47","date_gmt":"2024-08-17T03:34:47","guid":{"rendered":"https:\/\/radiocentroambato.com\/portal\/?p=16722"},"modified":"2024-08-24T12:34:21","modified_gmt":"2024-08-24T17:34:21","slug":"radio-centro-ambato-91-7-fm-1-130-am","status":"publish","type":"post","link":"https:\/\/radiocentroambato.com\/portal\/2024\/08\/16\/radio-centro-ambato-91-7-fm-1-130-am\/","title":{"rendered":"Radio Centro Ambato 91.7 FM &#8211; 1.130 AM"},"content":{"rendered":"\t\t<div data-elementor-type=\"wp-post\" data-elementor-id=\"16722\" class=\"elementor elementor-16722\">\n\t\t\t\t<div class=\"elementor-element elementor-element-7c37a3c3 e-flex e-con-boxed e-con e-parent\" data-id=\"7c37a3c3\" data-element_type=\"container\" data-e-type=\"container\">\n\t\t\t\t\t<div class=\"e-con-inner\">\n\t\t\t\t<div class=\"elementor-element elementor-element-47d7b453 elementor-widget elementor-widget-text-editor\" data-id=\"47d7b453\" data-element_type=\"widget\" data-e-type=\"widget\" data-widget_type=\"text-editor.default\">\n\t\t\t\t<div class=\"elementor-widget-container\">\n\t\t\t\t\t\t\t\t\t<h1>RADIO CENTRO<\/h1>\r\nEn un mundo en constante cambio, hay una voz que perdura y evoluciona con el tiempo: Radio Centro. Desde 1.967 hemos estado aqu\u00ed, en el coraz\u00f3n de tu vida, compartiendo historias, noticias, melod\u00edas y momentos inolvidables; a partir de esta fecha todo a pasado como un torrente a trav\u00e9s de los a\u00f1os; pero lo que no pasa ni pasar\u00e1 es esta colosal emisora que nos ha mantenido informados con noticias, deportes y eventos, convirti\u00e9ndose en la radio bien hecha del Ecuador, en la querida Radio Centro, la mejor del centro del pa\u00eds y una de las m\u00e1s sintonizadas del Ecuador.\r\n\r\nNuestras ondas no solo transmiten sonidos; transmiten la esencia de generaciones, el pulso de la actualidad y la alegr\u00eda de la m\u00fasica. Nos hemos mantenido fieles a nuestros principios de calidad, \u00e9tica y profesionalismo, preservando el encanto inigualable de la radio; todo esto se ha logrado, bajo la direcci\u00f3n y gu\u00eda de ese caballero del micr\u00f3fono que es Don Luis Alberto Gamboa Tello, un hombre que vive entre nosotros que lo sentimos y escuch\u00e1bamos antes en cada d\u00eda y hoy los domingos por la ma\u00f1ana con su hermosa m\u00fasica nacional; este personaje tiene su cuartel de actividades en el edificio de las calles Castillo entre 12 de Noviembre y Olmedo, desde donde Radio Centro se hace escuchar en Ambato, Tungurahua, el Ecuador y el mundo.\r\nPapa Lucho como lo llamamos brilla en la actualidad como un sol al medio d\u00eda, se encuentra en la plenitud del oto\u00f1o, gozando del respeto y cari\u00f1o de todos los que lo conocemos.\r\nUn patriarca como el, tiene su clan, su familia, ha sido un gran agricultor de la vida, por lo que tuvo buenas cosechas, all\u00ed est\u00e1n sus hijos, Mar\u00eda Elena que actualmente gerencia esta prestigiosa emisora, Carmen Elizabeth y Luis Alberto, quienes se caracterizan por su calidad humana y su profesionalismo; en la actualidad son pilares de la radiodifusi\u00f3n; pero, me falta mencionar a su brazo derecho, Do\u00f1a Lupita Orosco, su querida esposa, su compa\u00f1era, aquella que fue fuente de inspiraci\u00f3n en el nacimiento de la pasi\u00f3n de vida de su esposo, sus hijos y Radio Centro ; hoy desde el altar del infinito en donde se encuentra sigue guiando el prestigio de esta emisora y el bienestar de sus seres queridos.\r\n\r\nHoy, llevamos nuestro legado m\u00e1s all\u00e1 de las fronteras, alcanzando cada rinc\u00f3n del mundo a trav\u00e9s de nuestras plataformas digitales, para ello hemos contado y seguimos contando con excelentes colaboradores.\r\nSeguimos renov\u00e1ndonos, adapt\u00e1ndonos a los tiempos, pero sin perder nunca de vista lo m\u00e1s importante: t\u00fa, nuestro oyente.\r\n\r\nRadio Centro, la radio de toda la vida. Continuaremos acompa\u00f1\u00e1ndote, como lo hemos hecho siempre, porque nuestra historia es tambi\u00e9n la tuya.\r\n\r\nEn fin , esto y mucho mas es Radio Centro, una Radio que se ha metido en el coraz\u00f3n de los ambate\u00f1os y que as\u00ed continuar\u00e1 por muchos a\u00f1os m\u00e1s, para eso lo creo un hombre sereno y majestuoso, que en ese tiempo contaba con la eterna juventud del valor; y que hoy, cuenta, con la sublime madurez de su sabidur\u00eda; este hombre es: Luis Alberto Gamboa Tello.\t\t\t\t\t\t\t\t<\/div>\n\t\t\t\t<\/div>\n\t\t\t\t\t<\/div>\n\t\t\t\t<\/div>\n\t\t<div class=\"elementor-element elementor-element-dab1c4d e-flex e-con-boxed e-con e-parent\" data-id=\"dab1c4d\" data-element_type=\"container\" data-e-type=\"container\">\n\t\t\t\t\t<div class=\"e-con-inner\">\n\t\t\t\t<div class=\"elementor-element elementor-element-e7eedde elementor-widget elementor-widget-image-gallery\" data-id=\"e7eedde\" data-element_type=\"widget\" data-e-type=\"widget\" data-widget_type=\"image-gallery.default\">\n\t\t\t\t<div class=\"elementor-widget-container\">\n\t\t\t\t\t\t\t<div class=\"elementor-image-gallery\">\n\t\t\t\n<a data-elementor-open-lightbox=\"yes\" data-elementor-lightbox-slideshow=\"e7eedde\" data-elementor-lightbox-title=\"LIC. PATRICIO MANTILLA DIRECTOR DE CENTRO DEPORTES\" data-e-action-hash=\"#elementor-action%3Aaction%3Dlightbox%26settings%3DeyJpZCI6MTY4MDIsInVybCI6Imh0dHBzOlwvXC9yYWRpb2NlbnRyb2FtYmF0by5jb21cL3BvcnRhbFwvd3AtY29udGVudFwvdXBsb2Fkc1wvMjAyNFwvMDFcL1doYXRzQXBwLUltYWdlLTIwMjQtMDgtMTktYXQtMy40OC4wOC1QTS5qcGVnIiwic2xpZGVzaG93IjoiZTdlZWRkZSJ9\" href='https:\/\/radiocentroambato.com\/portal\/wp-content\/uploads\/2024\/01\/WhatsApp-Image-2024-08-19-at-3.48.08-PM.jpeg'><img fetchpriority=\"high\" decoding=\"async\" width=\"770\" height=\"514\" src=\"https:\/\/radiocentroambato.com\/portal\/wp-content\/uploads\/2024\/01\/WhatsApp-Image-2024-08-19-at-3.48.08-PM-770x514.jpeg\" class=\"attachment-medium size-medium\" alt=\"\" srcset=\"https:\/\/radiocentroambato.com\/portal\/wp-content\/uploads\/2024\/01\/WhatsApp-Image-2024-08-19-at-3.48.08-PM-770x514.jpeg 770w, https:\/\/radiocentroambato.com\/portal\/wp-content\/uploads\/2024\/01\/WhatsApp-Image-2024-08-19-at-3.48.08-PM-1170x781.jpeg 1170w, https:\/\/radiocentroambato.com\/portal\/wp-content\/uploads\/2024\/01\/WhatsApp-Image-2024-08-19-at-3.48.08-PM-768x513.jpeg 768w, https:\/\/radiocentroambato.com\/portal\/wp-content\/uploads\/2024\/01\/WhatsApp-Image-2024-08-19-at-3.48.08-PM-1536x1025.jpeg 1536w, https:\/\/radiocentroambato.com\/portal\/wp-content\/uploads\/2024\/01\/WhatsApp-Image-2024-08-19-at-3.48.08-PM.jpeg 1600w\" sizes=\"(max-width: 770px) 100vw, 770px\" \/><\/a>\n<a data-elementor-open-lightbox=\"yes\" data-elementor-lightbox-slideshow=\"e7eedde\" data-elementor-lightbox-title=\"ING MARIA ELENA GAMBOA GERENTE GENERAL\" data-e-action-hash=\"#elementor-action%3Aaction%3Dlightbox%26settings%3DeyJpZCI6MTY4MDUsInVybCI6Imh0dHBzOlwvXC9yYWRpb2NlbnRyb2FtYmF0by5jb21cL3BvcnRhbFwvd3AtY29udGVudFwvdXBsb2Fkc1wvMjAyNFwvMDFcL1doYXRzQXBwLUltYWdlLTIwMjQtMDgtMTktYXQtMy41MS4wNS1QTS5qcGVnIiwic2xpZGVzaG93IjoiZTdlZWRkZSJ9\" href='https:\/\/radiocentroambato.com\/portal\/wp-content\/uploads\/2024\/01\/WhatsApp-Image-2024-08-19-at-3.51.05-PM.jpeg'><img decoding=\"async\" width=\"770\" height=\"514\" src=\"https:\/\/radiocentroambato.com\/portal\/wp-content\/uploads\/2024\/01\/WhatsApp-Image-2024-08-19-at-3.51.05-PM-770x514.jpeg\" class=\"attachment-medium size-medium\" alt=\"\" srcset=\"https:\/\/radiocentroambato.com\/portal\/wp-content\/uploads\/2024\/01\/WhatsApp-Image-2024-08-19-at-3.51.05-PM-770x514.jpeg 770w, https:\/\/radiocentroambato.com\/portal\/wp-content\/uploads\/2024\/01\/WhatsApp-Image-2024-08-19-at-3.51.05-PM-1170x781.jpeg 1170w, https:\/\/radiocentroambato.com\/portal\/wp-content\/uploads\/2024\/01\/WhatsApp-Image-2024-08-19-at-3.51.05-PM-768x513.jpeg 768w, https:\/\/radiocentroambato.com\/portal\/wp-content\/uploads\/2024\/01\/WhatsApp-Image-2024-08-19-at-3.51.05-PM-1536x1025.jpeg 1536w, https:\/\/radiocentroambato.com\/portal\/wp-content\/uploads\/2024\/01\/WhatsApp-Image-2024-08-19-at-3.51.05-PM.jpeg 1600w\" sizes=\"(max-width: 770px) 100vw, 770px\" \/><\/a>\n<a data-elementor-open-lightbox=\"yes\" data-elementor-lightbox-slideshow=\"e7eedde\" data-elementor-lightbox-title=\"TECNOLOGO HUGO PAREDES PRODUCTOR\" data-e-action-hash=\"#elementor-action%3Aaction%3Dlightbox%26settings%3DeyJpZCI6MTY4MDEsInVybCI6Imh0dHBzOlwvXC9yYWRpb2NlbnRyb2FtYmF0by5jb21cL3BvcnRhbFwvd3AtY29udGVudFwvdXBsb2Fkc1wvMjAyNFwvMDFcL1doYXRzQXBwLUltYWdlLTIwMjQtMDgtMTktYXQtMy40OC4wOS1QTS5qcGVnIiwic2xpZGVzaG93IjoiZTdlZWRkZSJ9\" href='https:\/\/radiocentroambato.com\/portal\/wp-content\/uploads\/2024\/01\/WhatsApp-Image-2024-08-19-at-3.48.09-PM.jpeg'><img decoding=\"async\" width=\"770\" height=\"514\" src=\"https:\/\/radiocentroambato.com\/portal\/wp-content\/uploads\/2024\/01\/WhatsApp-Image-2024-08-19-at-3.48.09-PM-770x514.jpeg\" class=\"attachment-medium size-medium\" alt=\"TECNOLOGO HUGO PAREDES PRODUCTOR\" srcset=\"https:\/\/radiocentroambato.com\/portal\/wp-content\/uploads\/2024\/01\/WhatsApp-Image-2024-08-19-at-3.48.09-PM-770x514.jpeg 770w, https:\/\/radiocentroambato.com\/portal\/wp-content\/uploads\/2024\/01\/WhatsApp-Image-2024-08-19-at-3.48.09-PM-1170x781.jpeg 1170w, https:\/\/radiocentroambato.com\/portal\/wp-content\/uploads\/2024\/01\/WhatsApp-Image-2024-08-19-at-3.48.09-PM-768x513.jpeg 768w, https:\/\/radiocentroambato.com\/portal\/wp-content\/uploads\/2024\/01\/WhatsApp-Image-2024-08-19-at-3.48.09-PM-1536x1025.jpeg 1536w, https:\/\/radiocentroambato.com\/portal\/wp-content\/uploads\/2024\/01\/WhatsApp-Image-2024-08-19-at-3.48.09-PM.jpeg 1600w\" sizes=\"(max-width: 770px) 100vw, 770px\" \/><\/a>\n<a data-elementor-open-lightbox=\"yes\" data-elementor-lightbox-slideshow=\"e7eedde\" data-elementor-lightbox-title=\"SR. LUIS ALBERTO GAMBOA TELLO FUNDADOR\" data-e-action-hash=\"#elementor-action%3Aaction%3Dlightbox%26settings%3DeyJpZCI6MTY4MDQsInVybCI6Imh0dHBzOlwvXC9yYWRpb2NlbnRyb2FtYmF0by5jb21cL3BvcnRhbFwvd3AtY29udGVudFwvdXBsb2Fkc1wvMjAyNFwvMDFcL1doYXRzQXBwLUltYWdlLTIwMjQtMDgtMTktYXQtMy41MS4wNS1QTS0xLmpwZWciLCJzbGlkZXNob3ciOiJlN2VlZGRlIn0%3D\" href='https:\/\/radiocentroambato.com\/portal\/wp-content\/uploads\/2024\/01\/WhatsApp-Image-2024-08-19-at-3.51.05-PM-1.jpeg'><img loading=\"lazy\" decoding=\"async\" width=\"770\" height=\"514\" src=\"https:\/\/radiocentroambato.com\/portal\/wp-content\/uploads\/2024\/01\/WhatsApp-Image-2024-08-19-at-3.51.05-PM-1-770x514.jpeg\" class=\"attachment-medium size-medium\" alt=\"SR. LUIS ALBERTO GAMBOA TELLO FUNDADOR\" srcset=\"https:\/\/radiocentroambato.com\/portal\/wp-content\/uploads\/2024\/01\/WhatsApp-Image-2024-08-19-at-3.51.05-PM-1-770x514.jpeg 770w, https:\/\/radiocentroambato.com\/portal\/wp-content\/uploads\/2024\/01\/WhatsApp-Image-2024-08-19-at-3.51.05-PM-1-1170x781.jpeg 1170w, https:\/\/radiocentroambato.com\/portal\/wp-content\/uploads\/2024\/01\/WhatsApp-Image-2024-08-19-at-3.51.05-PM-1-768x513.jpeg 768w, https:\/\/radiocentroambato.com\/portal\/wp-content\/uploads\/2024\/01\/WhatsApp-Image-2024-08-19-at-3.51.05-PM-1-1536x1025.jpeg 1536w, https:\/\/radiocentroambato.com\/portal\/wp-content\/uploads\/2024\/01\/WhatsApp-Image-2024-08-19-at-3.51.05-PM-1.jpeg 1600w\" sizes=\"(max-width: 770px) 100vw, 770px\" \/><\/a>\n<a data-elementor-open-lightbox=\"yes\" data-elementor-lightbox-slideshow=\"e7eedde\" data-elementor-lightbox-title=\"LIC DANIEL FLORES DIRECTOR GENERAL Y DIRECTOR DEL BOLETIN INFORMATIVO NUEVO DIA\" data-e-action-hash=\"#elementor-action%3Aaction%3Dlightbox%26settings%3DeyJpZCI6MTY4MDYsInVybCI6Imh0dHBzOlwvXC9yYWRpb2NlbnRyb2FtYmF0by5jb21cL3BvcnRhbFwvd3AtY29udGVudFwvdXBsb2Fkc1wvMjAyNFwvMDFcL1doYXRzQXBwLUltYWdlLTIwMjQtMDgtMTktYXQtMy40OC4wOS1QTS0xLmpwZWciLCJzbGlkZXNob3ciOiJlN2VlZGRlIn0%3D\" href='https:\/\/radiocentroambato.com\/portal\/wp-content\/uploads\/2024\/01\/WhatsApp-Image-2024-08-19-at-3.48.09-PM-1.jpeg'><img loading=\"lazy\" decoding=\"async\" width=\"770\" height=\"514\" src=\"https:\/\/radiocentroambato.com\/portal\/wp-content\/uploads\/2024\/01\/WhatsApp-Image-2024-08-19-at-3.48.09-PM-1-770x514.jpeg\" class=\"attachment-medium size-medium\" alt=\"\" srcset=\"https:\/\/radiocentroambato.com\/portal\/wp-content\/uploads\/2024\/01\/WhatsApp-Image-2024-08-19-at-3.48.09-PM-1-770x514.jpeg 770w, https:\/\/radiocentroambato.com\/portal\/wp-content\/uploads\/2024\/01\/WhatsApp-Image-2024-08-19-at-3.48.09-PM-1-1170x781.jpeg 1170w, https:\/\/radiocentroambato.com\/portal\/wp-content\/uploads\/2024\/01\/WhatsApp-Image-2024-08-19-at-3.48.09-PM-1-768x513.jpeg 768w, https:\/\/radiocentroambato.com\/portal\/wp-content\/uploads\/2024\/01\/WhatsApp-Image-2024-08-19-at-3.48.09-PM-1-1536x1025.jpeg 1536w, https:\/\/radiocentroambato.com\/portal\/wp-content\/uploads\/2024\/01\/WhatsApp-Image-2024-08-19-at-3.48.09-PM-1.jpeg 1600w\" sizes=\"(max-width: 770px) 100vw, 770px\" \/><\/a>\n\t\t<\/div>\n\t\t\t\t\t\t<\/div>\n\t\t\t\t<\/div>\n\t\t\t\t\t<\/div>\n\t\t\t\t<\/div>\n\t\t\t\t<\/div>\n\t\t","protected":false},"excerpt":{"rendered":"<p>RADIO CENTRO En un mundo en constante cambio, hay una voz que perdura y evoluciona con el tiempo: Radio Centro. Desde 1.967 hemos estado aqu\u00ed, en el coraz\u00f3n de tu vida, compartiendo historias, noticias, melod\u00edas y momentos inolvidables; a partir de esta fecha todo a pasado como un torrente a ...<\/p>\n","protected":false},"author":1,"featured_media":16803,"comment_status":"open","ping_status":"open","sticky":false,"template":"","format":"standard","meta":{"footnotes":""},"categories":[90],"tags":[],"class_list":["post-16722","post","type-post","status-publish","format-standard","has-post-thumbnail","hentry","category-quienes-somos"],"_links":{"self":[{"href":"https:\/\/radiocentroambato.com\/portal\/wp-json\/wp\/v2\/posts\/16722","targetHints":{"allow":["GET"]}}],"collection":[{"href":"https:\/\/radiocentroambato.com\/portal\/wp-json\/wp\/v2\/posts"}],"about":[{"href":"https:\/\/radiocentroambato.com\/portal\/wp-json\/wp\/v2\/types\/post"}],"author":[{"embeddable":true,"href":"https:\/\/radiocentroambato.com\/portal\/wp-json\/wp\/v2\/users\/1"}],"replies":[{"embeddable":true,"href":"https:\/\/radiocentroambato.com\/portal\/wp-json\/wp\/v2\/comments?post=16722"}],"version-history":[{"count":19,"href":"https:\/\/radiocentroambato.com\/portal\/wp-json\/wp\/v2\/posts\/16722\/revisions"}],"predecessor-version":[{"id":16864,"href":"https:\/\/radiocentroambato.com\/portal\/wp-json\/wp\/v2\/posts\/16722\/revisions\/16864"}],"wp:featuredmedia":[{"embeddable":true,"href":"https:\/\/radiocentroambato.com\/portal\/wp-json\/wp\/v2\/media\/16803"}],"wp:attachment":[{"href":"https:\/\/radiocentroambato.com\/portal\/wp-json\/wp\/v2\/media?parent=16722"}],"wp:term":[{"taxonomy":"category","embeddable":true,"href":"https:\/\/radiocentroambato.com\/portal\/wp-json\/wp\/v2\/categories?post=16722"},{"taxonomy":"post_tag","embeddable":true,"href":"https:\/\/radiocentroambato.com\/portal\/wp-json\/wp\/v2\/tags?post=16722"}],"curies":[{"name":"wp","href":"https:\/\/api.w.org\/{rel}","templated":true}]}}